{"id":15420,"date":"2025-05-25T16:53:47","date_gmt":"2025-05-25T16:53:47","guid":{"rendered":"https:\/\/papierwaren.com.mx\/?p=15420"},"modified":"2026-05-25T14:53:48","modified_gmt":"2026-05-25T14:53:48","slug":"innovativ-szemlelet-az-agrartechnologiakban-a-digitalis-fejlodes-utjai-magyarorszagon","status":"publish","type":"post","link":"https:\/\/papierwaren.com.mx\/index.php\/2025\/05\/25\/innovativ-szemlelet-az-agrartechnologiakban-a-digitalis-fejlodes-utjai-magyarorszagon\/","title":{"rendered":"Innovat\u00edv Szeml\u00e9let az Agr\u00e1rtechnol\u00f3gi\u00e1kban: A Digit\u00e1lis Fejl\u0151d\u00e9s \u00datjai Magyarorsz\u00e1gon"},"content":{"rendered":"<div class=\"section\">\n<p>Az agr\u00e1r\u00e1gazat digitaliz\u00e1ci\u00f3ja nemcsak technol\u00f3giai fejl\u0151d\u00e9st jelent, hanem egy \u00faj korszakot nyit meg a hazai mez\u0151gazdas\u00e1g sz\u00e1m\u00e1ra. Magyarorsz\u00e1g hossz\u00fa t\u00e1v\u00fa versenyk\u00e9pess\u00e9ge \u00e9s fenntarthat\u00f3s\u00e1ga szempontj\u00e1b\u00f3l kritikus, hogy az innovat\u00edv eszk\u00f6z\u00f6k \u00e9s m\u00f3dszerek be\u00e9p\u00fcljenek a mindennapi gazd\u00e1lkod\u00e1si gyakorlatba. Ebben az \u00f6sszef\u00fcgg\u00e9sben a digitaliz\u00e1ci\u00f3ra val\u00f3 \u00e1t\u00e1ll\u00e1s strat\u00e9giailag fontos t\u00e9nyez\u0151v\u00e9 v\u00e1lt, k\u00fcl\u00f6n\u00f6sen a prec\u00edzi\u00f3s gazd\u00e1lkod\u00e1s \u00e9s az adatvez\u00e9relt d\u00f6nt\u00e9shozatal ter\u00e9n.<\/p>\n<h2>Az Agr\u00e1rdigitaliz\u00e1ci\u00f3 Jelene Magyarorsz\u00e1gon<\/h2>\n<p>A magyar agr\u00e1rszektorban az elm\u00falt \u00e9vtizedben megn\u0151tt az \u00e9rdekl\u0151d\u00e9s a modern technol\u00f3gi\u00e1k ir\u00e1nt. Az EU-s forr\u00e1sokb\u00f3l finansz\u00edrozott projektek, valamint a v\u00e1llalkoz\u00e1sok bels\u0151 innov\u00e1ci\u00f3s strat\u00e9gi\u00e1i eredm\u00e9nyek\u00e9ppen egyre t\u00f6bb gazda alkalmaz dr\u00f3nokat, szenzorokat, vagy \u00e9ppen digit\u00e1lis t\u00e9rk\u00e9pez\u00e9st. M\u00e9gis, az orsz\u00e1gban a digit\u00e1lis transform\u00e1ci\u00f3 sz\u00e1mos kih\u00edv\u00e1ssal szembes\u00fcl, mint p\u00e9ld\u00e1ul az infrastrukt\u00fara fejleszt\u00e9se vagy a kompetenciahi\u00e1ny.<\/p>\n<h2>Az Adatvez\u00e9relt Gazd\u00e1lkod\u00e1s El\u0151nyei<\/h2>\n<p>Az adatvez\u00e9relt gazd\u00e1lkod\u00e1s lehet\u0151s\u00e9get ad a gazd\u00e1knak arra, hogy optimaliz\u00e1lj\u00e1k a hozamokat, cs\u00f6kkents\u00e9k a k\u00f6lts\u00e9geket, \u00e9s fenntarthat\u00f3bb m\u00f3don gazd\u00e1lkodjanak. A modern sensorok \u00e9s IoT-eszk\u00f6z\u00f6k folyamatos adatgy\u0171jt\u00e9st biztos\u00edtanak a talaj\u00e1llapotr\u00f3l, id\u0151j\u00e1r\u00e1si viszonyokr\u00f3l \u00e9s n\u00f6v\u00e9nyeg\u00e9szs\u00e9g\u00fcgyi param\u00e9terekr\u0151l.<\/p>\n<blockquote><p>\n\u201eA modern agr\u00e1rtechnol\u00f3gi\u00e1k alkalmaz\u00e1sa lehet\u0151v\u00e9 teszi, hogy a gazd\u00e1k pontosabban reag\u00e1ljanak a v\u00e1ltoz\u00f3 k\u00f6r\u00fclm\u00e9nyekre, ez\u00e1ltal n\u00f6velve a termel\u00e9s hat\u00e9konys\u00e1g\u00e1t \u00e9s fenntarthat\u00f3s\u00e1g\u00e1t.\u201d \u2013 szak\u00e9rt\u0151, Agr\u00e1rtechnol\u00f3giai Kutat\u00f3int\u00e9zet\n<\/p><\/blockquote>\n<h2>Innovat\u00edv Technol\u00f3gi\u00e1k Magyarorsz\u00e1gon<\/h2>\n<p>Az elm\u00falt \u00e9vekben beindultak a prec\u00edzi\u00f3s gazd\u00e1lkod\u00e1si projektek, melyekben az automatiz\u00e1lt permetez\u0151g\u00e9pek, dr\u00f3nok \u00e9s szenzorok szerepe egyre n\u0151. A korszer\u0171 mez\u0151gazdas\u00e1gi szoftverek seg\u00edtik a gazd\u00e1kat az adatok elemz\u00e9s\u00e9ben \u00e9s a d\u00f6nt\u00e9st\u00e1mogat\u00e1sban. Sz\u00e1mos hazai startup \u00e9s kutat\u00f3int\u00e9zet is elk\u00f6telezett a technol\u00f3giai fejl\u0151d\u00e9s mellett, l\u00e1tv\u00e1n, hogy ez jelent\u0151s versenyel\u0151nyt jelenthet a nemzetk\u00f6zi piacon.<\/p>\n<h2>Jogi \u00e9s Hozz\u00e1f\u00e9rhet\u0151s\u00e9gi Kih\u00edv\u00e1sok<\/h2>\n<p>Az egyik legnagyobb kih\u00edv\u00e1s a magyar agr\u00e1riumban a digit\u00e1lis fejl\u0151d\u00e9shez sz\u00fcks\u00e9ges jogi keretek kialak\u00edt\u00e1sa, valamint az eszk\u00f6z\u00f6khez val\u00f3 hozz\u00e1f\u00e9r\u00e9s el\u00e9rhet\u0151s\u00e9ge. Fontos, hogy a korm\u00e1nyzati int\u00e9zked\u00e9sek \u00e9s EU-s t\u00e1mogat\u00e1sok tov\u00e1bb er\u0151s\u00edts\u00e9k az innov\u00e1ci\u00f3t, \u00e9s k\u00f6nnyebb\u00e9 tegy\u00e9k a kis- \u00e9s k\u00f6zepes v\u00e1llalkoz\u00e1sok sz\u00e1m\u00e1ra is az \u00e1tt\u00f6r\u00e9st.<\/p>\n<h2>Mi a K\u00f6vetkez\u0151 L\u00e9pcs\u0151?<\/h2>\n<p>Egy t\u00f6k\u00e9letesen integr\u00e1lt digit\u00e1lis \u00f6kosziszt\u00e9ma kialak\u00edt\u00e1sa Magyarorsz\u00e1gon kulcsfontoss\u00e1g\u00fa. Ehhez elengedhetetlen a szak- \u00e9s tov\u00e1bbk\u00e9pz\u00e9sek er\u0151s\u00edt\u00e9se, a technol\u00f3giai infrastrukt\u00fara fejleszt\u00e9se, valamint a kutat\u00e1s-fejleszt\u00e9si egy\u00fcttm\u0171k\u00f6d\u00e9sek t\u00e1mogat\u00e1sa.<\/p>\n<p>Ha szeretn\u00e9nk l\u00e9p\u00e9st tartani a nemzetk\u00f6zi mez\u0151ny \u00e9lvonal\u00e1val, meg kell \u00e9rten\u00fcnk, hogy a modern agr\u00e1rtechnol\u00f3gia csak akkor lesz sikeres, ha hiteles, naprak\u00e9sz \u00e9s gyakran friss\u00edtett inform\u00e1ci\u00f3kra \u00e9p\u00edt. Ez\u00e9rt is tartjuk fontosnak, hogy az \u00e9rdekl\u0151d\u0151k, szakemberek \u00e9s d\u00f6nt\u00e9shoz\u00f3k mind sz\u00e9lesk\u00f6r\u0171en t\u00e1j\u00e9koz\u00f3djanak a leg\u00fajabb lehet\u0151s\u00e9gekr\u0151l.<\/p>\n<p style=\"margin-top:2em;\">Az al\u00e1bbi forr\u00e1st \u00e9rdemes figyelemmel k\u00eds\u00e9rni azoknak, akik m\u00e9lyebb betekint\u00e9st k\u00edv\u00e1nnak szerezni a magyar mez\u0151gazdas\u00e1g digitaliz\u00e1ci\u00f3j\u00e1t \u00e9rint\u0151 aktu\u00e1lis fejlem\u00e9nyekbe. <a href=\"https:\/\/greatwin-hu.com\/\"><span style=\"color:#c0392b; font-weight:bold;\">l\u00e1togasson el az oldalra<\/span><\/a>.<\/p>\n<\/div>\n","protected":false},"excerpt":{"rendered":"<p>Az agr\u00e1r\u00e1gazat digitaliz\u00e1ci\u00f3ja nemcsak technol\u00f3giai fejl\u0151d\u00e9st jelent, hanem egy \u00faj korszakot nyit meg a hazai mez\u0151gazdas\u00e1g sz\u00e1m\u00e1ra. Magyarorsz\u00e1g hossz\u00fa t\u00e1v\u00fa versenyk\u00e9pess\u00e9ge \u00e9s fenntarthat\u00f3s\u00e1ga szempontj\u00e1b\u00f3l kritikus, hogy az innovat\u00edv eszk\u00f6z\u00f6k \u00e9s m\u00f3dszerek be\u00e9p\u00fcljenek a mindennapi gazd\u00e1lkod\u00e1si gyakorlatba. Ebben az \u00f6sszef\u00fcgg\u00e9sben a digitaliz\u00e1ci\u00f3ra val\u00f3 \u00e1t\u00e1ll\u00e1s strat\u00e9giailag fontos t\u00e9nyez\u0151v\u00e9 v\u00e1lt, k\u00fcl\u00f6n\u00f6sen a prec\u00edzi\u00f3s gazd\u00e1lkod\u00e1s \u00e9s az adatvez\u00e9relt d\u00f6nt\u00e9shozatal&hellip;&nbsp;<a href=\"https:\/\/papierwaren.com.mx\/index.php\/2025\/05\/25\/innovativ-szemlelet-az-agrartechnologiakban-a-digitalis-fejlodes-utjai-magyarorszagon\/\" class=\"\" rel=\"bookmark\">Leer m\u00e1s &raquo;<span class=\"screen-reader-text\">Innovat\u00edv Szeml\u00e9let az Agr\u00e1rtechnol\u00f3gi\u00e1kban: A Digit\u00e1lis Fejl\u0151d\u00e9s \u00datjai Magyarorsz\u00e1gon<\/span><\/a><\/p>\n","protected":false},"author":3,"featured_media":0,"comment_status":"closed","ping_status":"","sticky":false,"template":"","format":"standard","meta":{"neve_meta_sidebar":"","neve_meta_container":"","neve_meta_enable_content_width":"","neve_meta_content_width":0,"neve_meta_title_alignment":"","neve_meta_author_avatar":"","neve_post_elements_order":"","neve_meta_disable_header":"","neve_meta_disable_footer":"","neve_meta_disable_title":"","footnotes":""},"categories":[1],"tags":[],"_links":{"self":[{"href":"https:\/\/papierwaren.com.mx\/index.php\/wp-json\/wp\/v2\/posts\/15420"}],"collection":[{"href":"https:\/\/papierwaren.com.mx\/index.php\/wp-json\/wp\/v2\/posts"}],"about":[{"href":"https:\/\/papierwaren.com.mx\/index.php\/wp-json\/wp\/v2\/types\/post"}],"author":[{"embeddable":true,"href":"https:\/\/papierwaren.com.mx\/index.php\/wp-json\/wp\/v2\/users\/3"}],"replies":[{"embeddable":true,"href":"https:\/\/papierwaren.com.mx\/index.php\/wp-json\/wp\/v2\/comments?post=15420"}],"version-history":[{"count":1,"href":"https:\/\/papierwaren.com.mx\/index.php\/wp-json\/wp\/v2\/posts\/15420\/revisions"}],"predecessor-version":[{"id":15421,"href":"https:\/\/papierwaren.com.mx\/index.php\/wp-json\/wp\/v2\/posts\/15420\/revisions\/15421"}],"wp:attachment":[{"href":"https:\/\/papierwaren.com.mx\/index.php\/wp-json\/wp\/v2\/media?parent=15420"}],"wp:term":[{"taxonomy":"category","embeddable":true,"href":"https:\/\/papierwaren.com.mx\/index.php\/wp-json\/wp\/v2\/categories?post=15420"},{"taxonomy":"post_tag","embeddable":true,"href":"https:\/\/papierwaren.com.mx\/index.php\/wp-json\/wp\/v2\/tags?post=15420"}],"curies":[{"name":"wp","href":"https:\/\/api.w.org\/{rel}","templated":true}]}}